{"id":4533,"date":"2021-09-02T11:01:21","date_gmt":"2021-09-02T14:01:21","guid":{"rendered":"https:\/\/marciadebski.com.br\/site\/?p=4533"},"modified":"2021-10-20T16:13:09","modified_gmt":"2021-10-20T19:13:09","slug":"quem-e-e-o-que-faz-o-designer-de-interiores","status":"publish","type":"post","link":"https:\/\/marciadebski.com.br\/site\/quem-e-e-o-que-faz-o-designer-de-interiores\/","title":{"rendered":"Quem \u00e9 e o que faz o Designer de interiores?"},"content":{"rendered":"<p style=\"text-align: justify;\">\u201cO principal valor associado \u00e0 casa hoje \u00e9 o ideal de conforto e bem estar\u201d, afirma o belga Gert van de Keuken, diretor criativo do Studio Edelkoort de Paris, refer\u00eancia em estudo de tend\u00eancias da sociedade.<\/p>\n<p style=\"text-align: justify;\">O ser humano tem a necessidade de sentir-se bem em seu lar! H\u00e1 uma frase de Bono Vox que diz \u201cO lar \u00e9 onde o cora\u00e7\u00e3o est\u00e1\u201d! E nosso cora\u00e7\u00e3o est\u00e1 em tantos lugares&#8230; Na nossa moradia principalmente, mas tamb\u00e9m no nosso local de trabalho, no restaurante preferido, no clube que frequentamos, nos locais que conhecemos em viagens e passeios.<\/p>\n<p style=\"text-align: justify;\">A fun\u00e7\u00e3o de um ambiente \u00e9 na verdade o mais importante aspecto a se considerar, mas existe algo al\u00e9m&#8230; As caracter\u00edsticas est\u00e9ticas podem parecer \u201cluxo\u201d, mas todos verificamos como \u00e9 revigorante quando entramos em um ambiente bonito, agrad\u00e1vel, harmonioso. Esse algo mais que une os aspectos funcionais e est\u00e9ticos \u00e9 o grande papel que o design de interiores cumpre. S\u00f3 com essa uni\u00e3o \u00e9 que se consegue chegar a um resultado completo com funcionalidade, seguran\u00e7a, conforto e qualidade est\u00e9tica.<\/p>\n<p><img fetchpriority=\"high\" decoding=\"async\" class=\"alignnone wp-image-4701 size-full\" src=\"https:\/\/marciadebski.com.br\/site\/wp-content\/uploads\/2021\/09\/design.jpg\" alt=\"\" width=\"1024\" height=\"680\" srcset=\"https:\/\/marciadebski.com.br\/site\/wp-content\/uploads\/2021\/09\/design.jpg 1024w, https:\/\/marciadebski.com.br\/site\/wp-content\/uploads\/2021\/09\/design-300x199.jpg 300w, https:\/\/marciadebski.com.br\/site\/wp-content\/uploads\/2021\/09\/design-768x510.jpg 768w\" sizes=\"(max-width: 1024px) 100vw, 1024px\" \/><\/p>\n<p style=\"text-align: justify;\">O profissional de interiores, o DESIGNER, considera toda a atmosfera desejada para o ambiente em quest\u00e3o como, por exemplo, tranquilidade, alegria, sobriedade, for\u00e7a etc. e a alia aos fatores funcionais como ilumina\u00e7\u00e3o, ac\u00fastica, ergonomia, entre outros. \u00c9 necess\u00e1rio um estudo detalhado dos desejos e necessidades do cliente para que se chegue a um projeto consistente e adequado. Hoje em dia quest\u00f5es vitais como sustentabilidade e eco-design, que referem-se \u00e0 preocupa\u00e7\u00e3o com a especifica\u00e7\u00e3o de produtos comprometidos com as quest\u00f5es de prote\u00e7\u00e3o do meio ambiente, s\u00e3o tamb\u00e9m consideradas e v\u00eam somar aos demais itens imprescind\u00edveis para um bom projeto.<\/p>\n<p>Portanto, se voc\u00ea deseja aprimorar seu ambiente, seja ele residencial ou comercial, j\u00e1 sabe que pode e deve contar com o aux\u00edlio de um profissional de design de interiores para, num trabalho conjunto, tra\u00e7ar um plano de a\u00e7\u00e3o que transforme em realidade seu desejo de bem viver. E n\u00e3o h\u00e1 limites, modismos, tend\u00eancias que sejam empecilho para isso. O que mais conta \u00e9 O QUE VOC\u00ca QUER E GOSTA!! Comece a pensar agora nas cores, nos materiais, nos objetos que lhe encantam&#8230; sonhe, crie em sua mente e deixe o DESIGNER lhe ajudar a transformar esse sonho em realidade!<\/p>\n<p><a href=\"https:\/\/marciadebski.com.br\/blog\/\">Acesse mais dicas aqui!<\/a><\/p>\n","protected":false},"excerpt":{"rendered":"<p>\u201cO principal valor associado \u00e0 casa hoje \u00e9 o ideal de conforto e bem estar\u201d, afirma o belga Gert van de Keuken, diretor criativo do Studio Edelkoort de Paris, refer\u00eancia em estudo de tend\u00eancias da sociedade. O ser humano tem a necessidade de sentir-se bem em seu lar! H\u00e1 uma frase de Bono Vox que [&hellip;]<\/p>\n","protected":false},"author":1,"featured_media":4626,"comment_status":"open","ping_status":"closed","sticky":false,"template":"","format":"standard","meta":{"_acf_changed":false,"footnotes":""},"categories":[1],"tags":[],"class_list":["post-4533","post","type-post","status-publish","format-standard","has-post-thumbnail","hentry","category-sem-categoria"],"acf":[],"yoast_head":"<!-- This site is optimized with the Yoast SEO plugin v27.4 - https:\/\/yoast.com\/product\/yoast-seo-wordpress\/ -->\n<title>Quem \u00e9 e o que faz o Designer de interiores? - Marcia Debski Interiores<\/title>\n<meta name=\"description\" content=\"[...] O profissional de interiores, o DESIGNER, considera toda a atmosfera desejada para o ambiente em quest\u00e3o como, p. ex. tranquilidade[...]\" \/>\n<meta name=\"robots\" content=\"index, follow, max-snippet:-1, max-image-preview:large, max-video-preview:-1\" \/>\n<link rel=\"canonical\" href=\"https:\/\/marciadebski.com.br\/site\/quem-e-e-o-que-faz-o-designer-de-interiores\/\" \/>\n<meta property=\"og:locale\" content=\"pt_BR\" \/>\n<meta property=\"og:type\" content=\"article\" \/>\n<meta property=\"og:title\" content=\"Quem \u00e9 e o que faz o Designer de interiores? - Marcia Debski Interiores\" \/>\n<meta property=\"og:description\" content=\"[...] O profissional de interiores, o DESIGNER, considera toda a atmosfera desejada para o ambiente em quest\u00e3o como, p. ex. tranquilidade[...]\" \/>\n<meta property=\"og:url\" content=\"https:\/\/marciadebski.com.br\/site\/quem-e-e-o-que-faz-o-designer-de-interiores\/\" \/>\n<meta property=\"og:site_name\" content=\"Marcia Debski Interiores\" \/>\n<meta property=\"article:published_time\" content=\"2021-09-02T14:01:21+00:00\" \/>\n<meta property=\"article:modified_time\" content=\"2021-10-20T19:13:09+00:00\" \/>\n<meta property=\"og:image\" content=\"https:\/\/marciadebski.com.br\/site\/wp-content\/uploads\/2021\/09\/Quem-e-e-o-que-faz-o-Designer-de-interiores.jpg\" \/>\n\t<meta property=\"og:image:width\" content=\"1024\" \/>\n\t<meta property=\"og:image:height\" content=\"680\" \/>\n\t<meta property=\"og:image:type\" content=\"image\/jpeg\" \/>\n<meta name=\"author\" content=\"ecliente\" \/>\n<meta name=\"twitter:card\" content=\"summary_large_image\" \/>\n<meta name=\"twitter:label1\" content=\"Escrito por\" \/>\n\t<meta name=\"twitter:data1\" content=\"ecliente\" \/>\n\t<meta name=\"twitter:label2\" content=\"Est. tempo de leitura\" \/>\n\t<meta name=\"twitter:data2\" content=\"2 minutos\" \/>\n<script type=\"application\/ld+json\" class=\"yoast-schema-graph\">{\"@context\":\"https:\\\/\\\/schema.org\",\"@graph\":[{\"@type\":\"Article\",\"@id\":\"https:\\\/\\\/marciadebski.com.br\\\/site\\\/quem-e-e-o-que-faz-o-designer-de-interiores\\\/#article\",\"isPartOf\":{\"@id\":\"https:\\\/\\\/marciadebski.com.br\\\/site\\\/quem-e-e-o-que-faz-o-designer-de-interiores\\\/\"},\"author\":{\"name\":\"ecliente\",\"@id\":\"https:\\\/\\\/marciadebski.com.br\\\/site\\\/#\\\/schema\\\/person\\\/6ce35929263db3c3d037034123d8a073\"},\"headline\":\"Quem \u00e9 e o que faz o Designer de interiores?\",\"datePublished\":\"2021-09-02T14:01:21+00:00\",\"dateModified\":\"2021-10-20T19:13:09+00:00\",\"mainEntityOfPage\":{\"@id\":\"https:\\\/\\\/marciadebski.com.br\\\/site\\\/quem-e-e-o-que-faz-o-designer-de-interiores\\\/\"},\"wordCount\":408,\"commentCount\":0,\"publisher\":{\"@id\":\"https:\\\/\\\/marciadebski.com.br\\\/site\\\/#organization\"},\"image\":{\"@id\":\"https:\\\/\\\/marciadebski.com.br\\\/site\\\/quem-e-e-o-que-faz-o-designer-de-interiores\\\/#primaryimage\"},\"thumbnailUrl\":\"https:\\\/\\\/marciadebski.com.br\\\/site\\\/wp-content\\\/uploads\\\/2021\\\/09\\\/Quem-e-e-o-que-faz-o-Designer-de-interiores.jpg\",\"inLanguage\":\"pt-BR\",\"potentialAction\":[{\"@type\":\"CommentAction\",\"name\":\"Comment\",\"target\":[\"https:\\\/\\\/marciadebski.com.br\\\/site\\\/quem-e-e-o-que-faz-o-designer-de-interiores\\\/#respond\"]}]},{\"@type\":\"WebPage\",\"@id\":\"https:\\\/\\\/marciadebski.com.br\\\/site\\\/quem-e-e-o-que-faz-o-designer-de-interiores\\\/\",\"url\":\"https:\\\/\\\/marciadebski.com.br\\\/site\\\/quem-e-e-o-que-faz-o-designer-de-interiores\\\/\",\"name\":\"Quem \u00e9 e o que faz o Designer de interiores? - Marcia Debski Interiores\",\"isPartOf\":{\"@id\":\"https:\\\/\\\/marciadebski.com.br\\\/site\\\/#website\"},\"primaryImageOfPage\":{\"@id\":\"https:\\\/\\\/marciadebski.com.br\\\/site\\\/quem-e-e-o-que-faz-o-designer-de-interiores\\\/#primaryimage\"},\"image\":{\"@id\":\"https:\\\/\\\/marciadebski.com.br\\\/site\\\/quem-e-e-o-que-faz-o-designer-de-interiores\\\/#primaryimage\"},\"thumbnailUrl\":\"https:\\\/\\\/marciadebski.com.br\\\/site\\\/wp-content\\\/uploads\\\/2021\\\/09\\\/Quem-e-e-o-que-faz-o-Designer-de-interiores.jpg\",\"datePublished\":\"2021-09-02T14:01:21+00:00\",\"dateModified\":\"2021-10-20T19:13:09+00:00\",\"description\":\"[...] O profissional de interiores, o DESIGNER, considera toda a atmosfera desejada para o ambiente em quest\u00e3o como, p. ex. tranquilidade[...]\",\"breadcrumb\":{\"@id\":\"https:\\\/\\\/marciadebski.com.br\\\/site\\\/quem-e-e-o-que-faz-o-designer-de-interiores\\\/#breadcrumb\"},\"inLanguage\":\"pt-BR\",\"potentialAction\":[{\"@type\":\"ReadAction\",\"target\":[\"https:\\\/\\\/marciadebski.com.br\\\/site\\\/quem-e-e-o-que-faz-o-designer-de-interiores\\\/\"]}]},{\"@type\":\"ImageObject\",\"inLanguage\":\"pt-BR\",\"@id\":\"https:\\\/\\\/marciadebski.com.br\\\/site\\\/quem-e-e-o-que-faz-o-designer-de-interiores\\\/#primaryimage\",\"url\":\"https:\\\/\\\/marciadebski.com.br\\\/site\\\/wp-content\\\/uploads\\\/2021\\\/09\\\/Quem-e-e-o-que-faz-o-Designer-de-interiores.jpg\",\"contentUrl\":\"https:\\\/\\\/marciadebski.com.br\\\/site\\\/wp-content\\\/uploads\\\/2021\\\/09\\\/Quem-e-e-o-que-faz-o-Designer-de-interiores.jpg\",\"width\":1024,\"height\":680,\"caption\":\"Marcia Debski Ferreira - Designer de Interiores\"},{\"@type\":\"BreadcrumbList\",\"@id\":\"https:\\\/\\\/marciadebski.com.br\\\/site\\\/quem-e-e-o-que-faz-o-designer-de-interiores\\\/#breadcrumb\",\"itemListElement\":[{\"@type\":\"ListItem\",\"position\":1,\"name\":\"In\u00edcio\",\"item\":\"https:\\\/\\\/marciadebski.com.br\\\/site\\\/\"},{\"@type\":\"ListItem\",\"position\":2,\"name\":\"Quem \u00e9 e o que faz o Designer de interiores?\"}]},{\"@type\":\"WebSite\",\"@id\":\"https:\\\/\\\/marciadebski.com.br\\\/site\\\/#website\",\"url\":\"https:\\\/\\\/marciadebski.com.br\\\/site\\\/\",\"name\":\"Marcia Debski Ferreira - Designer de Interiores\",\"description\":\"Designer de Interiores\",\"publisher\":{\"@id\":\"https:\\\/\\\/marciadebski.com.br\\\/site\\\/#organization\"},\"potentialAction\":[{\"@type\":\"SearchAction\",\"target\":{\"@type\":\"EntryPoint\",\"urlTemplate\":\"https:\\\/\\\/marciadebski.com.br\\\/site\\\/?s={search_term_string}\"},\"query-input\":{\"@type\":\"PropertyValueSpecification\",\"valueRequired\":true,\"valueName\":\"search_term_string\"}}],\"inLanguage\":\"pt-BR\"},{\"@type\":\"Organization\",\"@id\":\"https:\\\/\\\/marciadebski.com.br\\\/site\\\/#organization\",\"name\":\"Marcia Debski Ferreira - Designer de Interiores\",\"url\":\"https:\\\/\\\/marciadebski.com.br\\\/site\\\/\",\"logo\":{\"@type\":\"ImageObject\",\"inLanguage\":\"pt-BR\",\"@id\":\"https:\\\/\\\/marciadebski.com.br\\\/site\\\/#\\\/schema\\\/logo\\\/image\\\/\",\"url\":\"https:\\\/\\\/marciadebski.com.br\\\/site\\\/wp-content\\\/uploads\\\/2021\\\/09\\\/MARCIA-DEBSKI.png\",\"contentUrl\":\"https:\\\/\\\/marciadebski.com.br\\\/site\\\/wp-content\\\/uploads\\\/2021\\\/09\\\/MARCIA-DEBSKI.png\",\"width\":798,\"height\":234,\"caption\":\"Marcia Debski Ferreira - Designer de Interiores\"},\"image\":{\"@id\":\"https:\\\/\\\/marciadebski.com.br\\\/site\\\/#\\\/schema\\\/logo\\\/image\\\/\"}},{\"@type\":\"Person\",\"@id\":\"https:\\\/\\\/marciadebski.com.br\\\/site\\\/#\\\/schema\\\/person\\\/6ce35929263db3c3d037034123d8a073\",\"name\":\"ecliente\",\"image\":{\"@type\":\"ImageObject\",\"inLanguage\":\"pt-BR\",\"@id\":\"https:\\\/\\\/secure.gravatar.com\\\/avatar\\\/768baffb8f3acb94ee141d652e2dae9e235da2ede33435429e188a1d6698bff1?s=96&d=mm&r=g\",\"url\":\"https:\\\/\\\/secure.gravatar.com\\\/avatar\\\/768baffb8f3acb94ee141d652e2dae9e235da2ede33435429e188a1d6698bff1?s=96&d=mm&r=g\",\"contentUrl\":\"https:\\\/\\\/secure.gravatar.com\\\/avatar\\\/768baffb8f3acb94ee141d652e2dae9e235da2ede33435429e188a1d6698bff1?s=96&d=mm&r=g\",\"caption\":\"ecliente\"}}]}<\/script>\n<!-- \/ Yoast SEO plugin. -->","yoast_head_json":{"title":"Quem \u00e9 e o que faz o Designer de interiores? - Marcia Debski Interiores","description":"[...] O profissional de interiores, o DESIGNER, considera toda a atmosfera desejada para o ambiente em quest\u00e3o como, p. ex. tranquilidade[...]","robots":{"index":"index","follow":"follow","max-snippet":"max-snippet:-1","max-image-preview":"max-image-preview:large","max-video-preview":"max-video-preview:-1"},"canonical":"https:\/\/marciadebski.com.br\/site\/quem-e-e-o-que-faz-o-designer-de-interiores\/","og_locale":"pt_BR","og_type":"article","og_title":"Quem \u00e9 e o que faz o Designer de interiores? - Marcia Debski Interiores","og_description":"[...] O profissional de interiores, o DESIGNER, considera toda a atmosfera desejada para o ambiente em quest\u00e3o como, p. ex. tranquilidade[...]","og_url":"https:\/\/marciadebski.com.br\/site\/quem-e-e-o-que-faz-o-designer-de-interiores\/","og_site_name":"Marcia Debski Interiores","article_published_time":"2021-09-02T14:01:21+00:00","article_modified_time":"2021-10-20T19:13:09+00:00","og_image":[{"width":1024,"height":680,"url":"https:\/\/marciadebski.com.br\/site\/wp-content\/uploads\/2021\/09\/Quem-e-e-o-que-faz-o-Designer-de-interiores.jpg","type":"image\/jpeg"}],"author":"ecliente","twitter_card":"summary_large_image","twitter_misc":{"Escrito por":"ecliente","Est. tempo de leitura":"2 minutos"},"schema":{"@context":"https:\/\/schema.org","@graph":[{"@type":"Article","@id":"https:\/\/marciadebski.com.br\/site\/quem-e-e-o-que-faz-o-designer-de-interiores\/#article","isPartOf":{"@id":"https:\/\/marciadebski.com.br\/site\/quem-e-e-o-que-faz-o-designer-de-interiores\/"},"author":{"name":"ecliente","@id":"https:\/\/marciadebski.com.br\/site\/#\/schema\/person\/6ce35929263db3c3d037034123d8a073"},"headline":"Quem \u00e9 e o que faz o Designer de interiores?","datePublished":"2021-09-02T14:01:21+00:00","dateModified":"2021-10-20T19:13:09+00:00","mainEntityOfPage":{"@id":"https:\/\/marciadebski.com.br\/site\/quem-e-e-o-que-faz-o-designer-de-interiores\/"},"wordCount":408,"commentCount":0,"publisher":{"@id":"https:\/\/marciadebski.com.br\/site\/#organization"},"image":{"@id":"https:\/\/marciadebski.com.br\/site\/quem-e-e-o-que-faz-o-designer-de-interiores\/#primaryimage"},"thumbnailUrl":"https:\/\/marciadebski.com.br\/site\/wp-content\/uploads\/2021\/09\/Quem-e-e-o-que-faz-o-Designer-de-interiores.jpg","inLanguage":"pt-BR","potentialAction":[{"@type":"CommentAction","name":"Comment","target":["https:\/\/marciadebski.com.br\/site\/quem-e-e-o-que-faz-o-designer-de-interiores\/#respond"]}]},{"@type":"WebPage","@id":"https:\/\/marciadebski.com.br\/site\/quem-e-e-o-que-faz-o-designer-de-interiores\/","url":"https:\/\/marciadebski.com.br\/site\/quem-e-e-o-que-faz-o-designer-de-interiores\/","name":"Quem \u00e9 e o que faz o Designer de interiores? - Marcia Debski Interiores","isPartOf":{"@id":"https:\/\/marciadebski.com.br\/site\/#website"},"primaryImageOfPage":{"@id":"https:\/\/marciadebski.com.br\/site\/quem-e-e-o-que-faz-o-designer-de-interiores\/#primaryimage"},"image":{"@id":"https:\/\/marciadebski.com.br\/site\/quem-e-e-o-que-faz-o-designer-de-interiores\/#primaryimage"},"thumbnailUrl":"https:\/\/marciadebski.com.br\/site\/wp-content\/uploads\/2021\/09\/Quem-e-e-o-que-faz-o-Designer-de-interiores.jpg","datePublished":"2021-09-02T14:01:21+00:00","dateModified":"2021-10-20T19:13:09+00:00","description":"[...] O profissional de interiores, o DESIGNER, considera toda a atmosfera desejada para o ambiente em quest\u00e3o como, p. ex. tranquilidade[...]","breadcrumb":{"@id":"https:\/\/marciadebski.com.br\/site\/quem-e-e-o-que-faz-o-designer-de-interiores\/#breadcrumb"},"inLanguage":"pt-BR","potentialAction":[{"@type":"ReadAction","target":["https:\/\/marciadebski.com.br\/site\/quem-e-e-o-que-faz-o-designer-de-interiores\/"]}]},{"@type":"ImageObject","inLanguage":"pt-BR","@id":"https:\/\/marciadebski.com.br\/site\/quem-e-e-o-que-faz-o-designer-de-interiores\/#primaryimage","url":"https:\/\/marciadebski.com.br\/site\/wp-content\/uploads\/2021\/09\/Quem-e-e-o-que-faz-o-Designer-de-interiores.jpg","contentUrl":"https:\/\/marciadebski.com.br\/site\/wp-content\/uploads\/2021\/09\/Quem-e-e-o-que-faz-o-Designer-de-interiores.jpg","width":1024,"height":680,"caption":"Marcia Debski Ferreira - Designer de Interiores"},{"@type":"BreadcrumbList","@id":"https:\/\/marciadebski.com.br\/site\/quem-e-e-o-que-faz-o-designer-de-interiores\/#breadcrumb","itemListElement":[{"@type":"ListItem","position":1,"name":"In\u00edcio","item":"https:\/\/marciadebski.com.br\/site\/"},{"@type":"ListItem","position":2,"name":"Quem \u00e9 e o que faz o Designer de interiores?"}]},{"@type":"WebSite","@id":"https:\/\/marciadebski.com.br\/site\/#website","url":"https:\/\/marciadebski.com.br\/site\/","name":"Marcia Debski Ferreira - Designer de Interiores","description":"Designer de Interiores","publisher":{"@id":"https:\/\/marciadebski.com.br\/site\/#organization"},"potentialAction":[{"@type":"SearchAction","target":{"@type":"EntryPoint","urlTemplate":"https:\/\/marciadebski.com.br\/site\/?s={search_term_string}"},"query-input":{"@type":"PropertyValueSpecification","valueRequired":true,"valueName":"search_term_string"}}],"inLanguage":"pt-BR"},{"@type":"Organization","@id":"https:\/\/marciadebski.com.br\/site\/#organization","name":"Marcia Debski Ferreira - Designer de Interiores","url":"https:\/\/marciadebski.com.br\/site\/","logo":{"@type":"ImageObject","inLanguage":"pt-BR","@id":"https:\/\/marciadebski.com.br\/site\/#\/schema\/logo\/image\/","url":"https:\/\/marciadebski.com.br\/site\/wp-content\/uploads\/2021\/09\/MARCIA-DEBSKI.png","contentUrl":"https:\/\/marciadebski.com.br\/site\/wp-content\/uploads\/2021\/09\/MARCIA-DEBSKI.png","width":798,"height":234,"caption":"Marcia Debski Ferreira - Designer de Interiores"},"image":{"@id":"https:\/\/marciadebski.com.br\/site\/#\/schema\/logo\/image\/"}},{"@type":"Person","@id":"https:\/\/marciadebski.com.br\/site\/#\/schema\/person\/6ce35929263db3c3d037034123d8a073","name":"ecliente","image":{"@type":"ImageObject","inLanguage":"pt-BR","@id":"https:\/\/secure.gravatar.com\/avatar\/768baffb8f3acb94ee141d652e2dae9e235da2ede33435429e188a1d6698bff1?s=96&d=mm&r=g","url":"https:\/\/secure.gravatar.com\/avatar\/768baffb8f3acb94ee141d652e2dae9e235da2ede33435429e188a1d6698bff1?s=96&d=mm&r=g","contentUrl":"https:\/\/secure.gravatar.com\/avatar\/768baffb8f3acb94ee141d652e2dae9e235da2ede33435429e188a1d6698bff1?s=96&d=mm&r=g","caption":"ecliente"}}]}},"_links":{"self":[{"href":"https:\/\/marciadebski.com.br\/site\/wp-json\/wp\/v2\/posts\/4533","targetHints":{"allow":["GET"]}}],"collection":[{"href":"https:\/\/marciadebski.com.br\/site\/wp-json\/wp\/v2\/posts"}],"about":[{"href":"https:\/\/marciadebski.com.br\/site\/wp-json\/wp\/v2\/types\/post"}],"author":[{"embeddable":true,"href":"https:\/\/marciadebski.com.br\/site\/wp-json\/wp\/v2\/users\/1"}],"replies":[{"embeddable":true,"href":"https:\/\/marciadebski.com.br\/site\/wp-json\/wp\/v2\/comments?post=4533"}],"version-history":[{"count":5,"href":"https:\/\/marciadebski.com.br\/site\/wp-json\/wp\/v2\/posts\/4533\/revisions"}],"predecessor-version":[{"id":4864,"href":"https:\/\/marciadebski.com.br\/site\/wp-json\/wp\/v2\/posts\/4533\/revisions\/4864"}],"wp:featuredmedia":[{"embeddable":true,"href":"https:\/\/marciadebski.com.br\/site\/wp-json\/wp\/v2\/media\/4626"}],"wp:attachment":[{"href":"https:\/\/marciadebski.com.br\/site\/wp-json\/wp\/v2\/media?parent=4533"}],"wp:term":[{"taxonomy":"category","embeddable":true,"href":"https:\/\/marciadebski.com.br\/site\/wp-json\/wp\/v2\/categories?post=4533"},{"taxonomy":"post_tag","embeddable":true,"href":"https:\/\/marciadebski.com.br\/site\/wp-json\/wp\/v2\/tags?post=4533"}],"curies":[{"name":"wp","href":"https:\/\/api.w.org\/{rel}","templated":true}]}}